{"id":2536,"__str__":"Requerimento n\u00ba 17 de 2023 | Proposi\u00e7\u00e3o apresentada em Plen\u00e1rio | 28/08/2023","link_detail_backend":"/materia/tramitacao/2536","metadata":{},"timestamp":"2025-09-18T10:08:06.376102-03:00","data_tramitacao":"2023-08-28","data_encaminhamento":null,"urgente":false,"turno":"","texto":"","data_fim_prazo":null,"ip":"177.137.63.252","ultima_edicao":"2025-09-18T10:07:51.568469-03:00","status":11,"materia":464,"unidade_tramitacao_local":8,"unidade_tramitacao_destino":10,"user":2}